{"id":2603,"date":"2023-10-31T21:02:51","date_gmt":"2023-10-31T21:02:51","guid":{"rendered":"https:\/\/hotelnewscolombia.com\/3com\/?p=2603"},"modified":"2023-10-31T21:03:57","modified_gmt":"2023-10-31T21:03:57","slug":"barranquilla-esta-de-moda-inmobiliaria-century-21","status":"publish","type":"post","link":"https:\/\/hotelnewscolombia.com\/3com\/2023\/10\/31\/barranquilla-esta-de-moda-inmobiliaria-century-21\/","title":{"rendered":"Barranquilla \u00a0est\u00e1 de moda!. Inmobiliaria Century 21"},"content":{"rendered":"\n<p><\/p>\n\n\n\n<p><strong>La ciudad atrae inversiones en bienes ra\u00edces impulsadas por el crecimiento econ\u00f3mico de la regi\u00f3n Caribe<\/strong>. <em>La capital del departamento Atl\u00e1ntico destaca en 2023 como \u00a0gran polo de atracci\u00f3n y de destino para inversiones en bienes ra\u00edces: las unidades destinadas para arriendo siguen atrayendo compradores.<\/em> <strong>Barranquilla \u00a0est\u00e1 de moda!. <a href=\"https:\/\/century21colombia.com\/\">Inmobiliaria Century 21<\/a><\/strong><\/p>\n\n\n\n<p><strong>COMUNICADO DE PRENSA BARRANQUILLA\/CARIBE CO<\/strong> <strong>OCT 31 2023<\/strong>. Siempre habr\u00e1 motivos para adquirir e invertir en un inmueble. La posesi\u00f3n de una vivienda puede brindar un lugar seguro a individuos y familias como tambi\u00e9n la posibilidad de obtener un ingreso adicional mediante el arrendamiento. <\/p>\n\n\n<div class=\"wp-block-image\">\n<figure class=\"aligncenter size-full\"><img decoding=\"async\" loading=\"lazy\" width=\"683\" height=\"512\" src=\"https:\/\/hotelnewscolombia.com\/3com\/wp-content\/uploads\/2023\/09\/Alberto-Rodriguez004-edited.jpg\" alt=\"\" class=\"wp-image-2519\" srcset=\"https:\/\/hotelnewscolombia.com\/3com\/wp-content\/uploads\/2023\/09\/Alberto-Rodriguez004-edited.jpg 683w, https:\/\/hotelnewscolombia.com\/3com\/wp-content\/uploads\/2023\/09\/Alberto-Rodriguez004-edited-300x225.jpg 300w\" sizes=\"(max-width: 683px) 100vw, 683px\" \/><figcaption class=\"wp-element-caption\">\u00abPor lo tanto, invertir en el mercado activo y rentable de los bienes ra\u00edces es una acci\u00f3n que nunca pasar\u00e1 de moda, en especial en la regi\u00f3n de la Costa Caribe \u00a0Colombiana\u00bb asegura Alberto Rodr\u00edguez, CEO de Inmobiliaria Century 21.<\/figcaption><\/figure><\/div>\n\n\n<p>Ubicada al norte del pa\u00eds, <strong>esta regi\u00f3n es uno de los principales motores de desarrollo econ\u00f3mico de Colombia<\/strong> y su posici\u00f3n geogr\u00e1fica estrat\u00e9gica facilita el comercio exterior, conectando al pa\u00eds con el mundo. Su riqueza natural y diversidad cultural le permiten desempe\u00f1ar diversas actividades como el turismo, la industria petroqu\u00edmica, los servicios log\u00edsticos y la agroindustria. Por ello, se suelen analizar las oportunidades que el territorio ofrece a futuro y las desarrolladoras apuestan all\u00ed sus proyectos de vivienda a gran escala.<\/p>\n\n\n\n<p><strong><a href=\"https:\/\/hotelnewscolombia.com\/3com\/2023\/09\/12\/century21-servicios-arriendos-turisticos\/\">TE PUEDE INTERESAR Century 21 le apuesta a los servicios tur\u00edsticos<\/a><\/strong><\/p>\n\n\n\n<p><strong>Y Barranquilla desde hace unos a\u00f1os <em>\u201cest\u00e1 de moda\u201d.<\/em><\/strong> Esta ciudad del Caribe colombiano ha registrado uno de los mayores crecimientos del pa\u00eds por impulsar y potenciar varios sectores. Entre ellos, el tur\u00edstico y el comercial. La ciudad cuenta con m\u00e1s de mil empresas vinculadas al turismo debido a su gastronom\u00eda, infraestructura hotelera y el Carnaval, lo que &nbsp;cada a\u00f1o atrae m\u00e1s inversionistas nacionales y extranjeros.<\/p>\n\n\n<div class=\"wp-block-image\">\n<figure class=\"aligncenter size-large\"><img decoding=\"async\" loading=\"lazy\" width=\"2080\" height=\"1170\" src=\"https:\/\/hotelnewscolombia.com\/3com\/wp-content\/uploads\/2023\/10\/Luis-Miguel-Pachon-Gerente-C21-Maxibienes-Barranquilla.png-edited.jpg\" alt=\"\" class=\"wp-image-2605\" srcset=\"https:\/\/hotelnewscolombia.com\/3com\/wp-content\/uploads\/2023\/10\/Luis-Miguel-Pachon-Gerente-C21-Maxibienes-Barranquilla.png-edited.jpg 2080w, https:\/\/hotelnewscolombia.com\/3com\/wp-content\/uploads\/2023\/10\/Luis-Miguel-Pachon-Gerente-C21-Maxibienes-Barranquilla.png-edited-300x169.jpg 300w, https:\/\/hotelnewscolombia.com\/3com\/wp-content\/uploads\/2023\/10\/Luis-Miguel-Pachon-Gerente-C21-Maxibienes-Barranquilla.png-edited-1024x576.jpg 1024w, https:\/\/hotelnewscolombia.com\/3com\/wp-content\/uploads\/2023\/10\/Luis-Miguel-Pachon-Gerente-C21-Maxibienes-Barranquilla.png-edited-768x432.jpg 768w, https:\/\/hotelnewscolombia.com\/3com\/wp-content\/uploads\/2023\/10\/Luis-Miguel-Pachon-Gerente-C21-Maxibienes-Barranquilla.png-edited-1536x864.jpg 1536w, https:\/\/hotelnewscolombia.com\/3com\/wp-content\/uploads\/2023\/10\/Luis-Miguel-Pachon-Gerente-C21-Maxibienes-Barranquilla.png-edited-2048x1152.jpg 2048w\" sizes=\"(max-width: 2080px) 100vw, 2080px\" \/><figcaption class=\"wp-element-caption\"><em>\u201cIgualmente, realizar una acci\u00f3n relacionada al sector inmobiliario requiere de informaci\u00f3n que ayude a tomar la mejor decisi\u00f3n\u201d comenta<\/em> Luis Miguel Pach\u00f3n, gerente de Century 21 Maxibienes, franquicia colombiana que integra la red Century 21, quien comparte sus impresiones de c\u00f3mo se encuentra el mercado del real estate, sus expectativas a futuro y oportunidades a tener en cuenta:<\/figcaption><\/figure><\/div>\n\n\n<p><strong><em>\u201cCurramba, la arenosa\u201d<\/em> como se le conoce a la ciudad, ser\u00e1 en pocos a\u00f1os, \u00a0la capital del caribe colombiano que mayor inversi\u00f3n, eventos y turismo atraiga seg\u00fan expertos de Inmobiliaria Century 21. Razones para invertir y oportunidades\u2026<\/strong> Barranquilla \u00a0est\u00e1 de moda!. Inmobiliaria Century 21<\/p>\n\n\n\n<p><em>\u201cDebido a una posible econom\u00eda en recuperaci\u00f3n y la confianza de un mercado inmobiliario colombiano en continua evoluci\u00f3n, el sector y su mercado local detecta movidas en la ciudad que la posiciona como destino de inversi\u00f3n. Barranquilla, y en general el departamento del Atl\u00e1ntico, tienen la ventaja de &nbsp;un liderazgo pol\u00edtico definido lo cual le permite iniciar, mantener y proyectar una ciudad con oportunidades para el sector empresarial y el tur\u00edstico\u201d <\/em>afirma Luis Miguel<em>.<\/em><\/p>\n\n\n\n<h2 class=\"wp-block-heading\"><strong>Puntualmente, la inmobiliaria destaca el crecimiento y el desarrollo de Puerto Colombia, Ciudadela Mallorqu\u00edn y Villa Campestre.<\/strong><\/h2>\n\n\n\n<p><em>\u201cLas pasadas elecciones y su resultados fortalecen el clima de inversi\u00f3n, la confianza se centra en que el proyecto pol\u00edtico que liderar\u00e1 la regi\u00f3n generar\u00e1 m\u00e1s crecimiento, estabilidad econ\u00f3mica y consolidar\u00e1 al departamento de Atl\u00e1ntico como un nicho para el cliente inversionista y el sector tur\u00edstico\u201d.<\/em><\/p>\n\n\n<div class=\"wp-block-image\">\n<figure class=\"aligncenter size-full\"><img decoding=\"async\" loading=\"lazy\" width=\"1020\" height=\"498\" src=\"https:\/\/hotelnewscolombia.com\/3com\/wp-content\/uploads\/2023\/10\/BARRANQUILLA001-1.jpeg\" alt=\"\" class=\"wp-image-2607\" srcset=\"https:\/\/hotelnewscolombia.com\/3com\/wp-content\/uploads\/2023\/10\/BARRANQUILLA001-1.jpeg 1020w, https:\/\/hotelnewscolombia.com\/3com\/wp-content\/uploads\/2023\/10\/BARRANQUILLA001-1-300x146.jpeg 300w, https:\/\/hotelnewscolombia.com\/3com\/wp-content\/uploads\/2023\/10\/BARRANQUILLA001-1-768x375.jpeg 768w\" sizes=\"(max-width: 1020px) 100vw, 1020px\" \/><figcaption class=\"wp-element-caption\">foto tomada de google<\/figcaption><\/figure><\/div>\n\n\n<p><strong>Resultados y expectativas del sector en la regi\u00f3n.<\/strong><\/p>\n\n\n\n<p><em>\u201cEn general, el sector a\u00fan sigue golpeado por la pandemia y otras afectaciones posteriores y en Barranquilla, las ventas no crecieron como se esperaba. Aunque aument\u00f3 el n\u00famero de propiedades en la cartera, no se cerraron negocios a\u00fan. Y, respecto a los arrendamientos, se han mantenido operaciones constantes y se est\u00e1 trabajando para concretar un n\u00famero significativo de contratos durante los \u00faltimos meses de 2023\u201d,<\/em> explica Pach\u00f3n, en sinton\u00eda con los objetivos de la marca de liderar el mercado de arriendos de corto plazo en Colombia. Barranquilla \u00a0est\u00e1 de moda!. Inmobiliaria Century 21<\/p>\n\n\n\n<p>No obstante, debido a la situaci\u00f3n pol\u00edtica y econ\u00f3mica, se esperaba una desaceleraci\u00f3n en el segmento de ventas. <em>\u201cEs una din\u00e1mica com\u00fan en el sector inmobiliario de la ciudad, que a menudo implica un proceso que puede requerir tiempo para madurar y materializarse<\/em>\u201d describe el directivo de Century 21 Maxibienes.<\/p>\n\n\n\n<p>En consecuencia, existe la expectativa de que, si el Banco de la Rep\u00fablica baja las tasas de inter\u00e9s a finales de a\u00f1o, se pueda mantener un crecimiento sostenido en arriendos en administraci\u00f3n y un incremento en el n\u00famero de transacciones en ventas durante el 2024. Especialmente, considerando que hacia adelante se prev\u00e9 una aceleraci\u00f3n en la construcci\u00f3n y la promoci\u00f3n de proyectos tur\u00edsticos e inmuebles residenciales para acoger a las personas que est\u00e1n viendo en esta ciudad una opci\u00f3n para trasladar su lugar de residencia.<\/p>\n\n\n<div class=\"wp-block-image\">\n<figure class=\"aligncenter size-large\"><img decoding=\"async\" loading=\"lazy\" width=\"1024\" height=\"614\" src=\"https:\/\/hotelnewscolombia.com\/3com\/wp-content\/uploads\/2023\/10\/BARRANQUILLA003-1024x614.jpeg\" alt=\"\" class=\"wp-image-2608\" srcset=\"https:\/\/hotelnewscolombia.com\/3com\/wp-content\/uploads\/2023\/10\/BARRANQUILLA003-1024x614.jpeg 1024w, https:\/\/hotelnewscolombia.com\/3com\/wp-content\/uploads\/2023\/10\/BARRANQUILLA003-300x180.jpeg 300w, https:\/\/hotelnewscolombia.com\/3com\/wp-content\/uploads\/2023\/10\/BARRANQUILLA003-768x461.jpeg 768w, https:\/\/hotelnewscolombia.com\/3com\/wp-content\/uploads\/2023\/10\/BARRANQUILLA003.jpeg 1200w\" sizes=\"(max-width: 1024px) 100vw, 1024px\" \/><figcaption class=\"wp-element-caption\">Foto tomada de google<\/figcaption><\/figure><\/div>\n\n\n<p><em>Desde sus inicios en Estados Unidos en 1971, Century 21 busca brindar servicios profesionales a corredores inmobiliarios y, actualmente, es la red inmobiliaria m\u00e1s grande del mundo.\u00a0 Con presencia en m\u00e1s de 89 pa\u00edses y presente en Colombia desde 2006, ha demostrado un crecimiento exponencial, con 41 oficinas en Colombia que se han adherido a esta red, la empresa se posiciona como la marca l\u00edder en servicios inmobiliarios, brindando capacitaci\u00f3n constante y un servicio de excelencia para ayudar a los matriculados y corredores inmobiliarios a llevar experiencias extraordinarias a los clientes.<\/em> Barranquilla \u00a0est\u00e1 de moda!. Inmobiliaria Century 21<\/p>\n\n\n\n<p><strong>COMUNICACI\u00d3N PRENSA EN CO<\/strong><\/p>\n\n\n\n<p><strong>JOHN MIKAN <\/strong><strong><a href=\"mailto:johnmikan@3comunicaciones.co\">johnmikan@3comunicaciones.co<\/a><\/strong><\/p>\n\n\n\n<p><strong>T 3157884141<\/strong><\/p>\n","protected":false},"excerpt":{"rendered":"<p>La ciudad atrae inversiones en bienes ra\u00edces impulsadas por el crecimiento econ\u00f3mico de la regi\u00f3n Caribe. La capital del departamento Atl\u00e1ntico destaca en 2023 como \u00a0gran polo de atracci\u00f3n y de destino para inversiones en bienes ra\u00edces: las unidades destinadas para arriendo siguen atrayendo compradores. Barranquilla \u00a0est\u00e1 de moda!. Inmobiliaria&#8230;<\/p>\n","protected":false},"author":3,"featured_media":2609,"comment_status":"open","ping_status":"open","sticky":false,"template":"","format":"standard","meta":{"footnotes":""},"categories":[4,5],"tags":[200,16,15,22],"yoast_head":"<!-- This site is optimized with the Yoast SEO plugin v21.5 - https:\/\/yoast.com\/wordpress\/plugins\/seo\/ -->\n<title>Barranquilla \u00a0est\u00e1 de moda!. Inmobiliaria Century 21 - Agencia de comunicaci\u00f3n y relaciones p\u00fablicas en Colombia<\/title>\n<meta name=\"description\" content=\"La capital de la costa caribe colombiana destaca por inversi\u00f3n. Barranquilla \u00a0est\u00e1 de moda!. Inmobiliaria Century 21 - 3comunicacionesco\" \/>\n<meta name=\"robots\" content=\"index, follow, max-snippet:-1, max-image-preview:large, max-video-preview:-1\" \/>\n<link rel=\"canonical\" href=\"https:\/\/hotelnewscolombia.com\/3com\/2023\/10\/31\/barranquilla-esta-de-moda-inmobiliaria-century-21\/\" \/>\n<meta property=\"og:locale\" content=\"es_ES\" \/>\n<meta property=\"og:type\" content=\"article\" \/>\n<meta property=\"og:title\" content=\"Barranquilla \u00a0est\u00e1 de moda!. Inmobiliaria Century 21 - Agencia de comunicaci\u00f3n y relaciones p\u00fablicas en Colombia\" \/>\n<meta property=\"og:description\" content=\"La capital de la costa caribe colombiana destaca por inversi\u00f3n. Barranquilla \u00a0est\u00e1 de moda!. Inmobiliaria Century 21 - 3comunicacionesco\" \/>\n<meta property=\"og:url\" content=\"https:\/\/hotelnewscolombia.com\/3com\/2023\/10\/31\/barranquilla-esta-de-moda-inmobiliaria-century-21\/\" \/>\n<meta property=\"og:site_name\" content=\"Agencia de comunicaci\u00f3n y relaciones p\u00fablicas en Colombia\" \/>\n<meta property=\"article:publisher\" content=\"https:\/\/www.facebook.com\/3comunicacionesco\" \/>\n<meta property=\"article:published_time\" content=\"2023-10-31T21:02:51+00:00\" \/>\n<meta property=\"article:modified_time\" content=\"2023-10-31T21:03:57+00:00\" \/>\n<meta property=\"og:image\" content=\"https:\/\/hotelnewscolombia.com\/3com\/wp-content\/uploads\/2023\/10\/BARRANQUILLA002.jpeg\" \/>\n\t<meta property=\"og:image:width\" content=\"500\" \/>\n\t<meta property=\"og:image:height\" content=\"400\" \/>\n\t<meta property=\"og:image:type\" content=\"image\/jpeg\" \/>\n<meta name=\"author\" content=\"John Mikan\" \/>\n<meta name=\"twitter:card\" content=\"summary_large_image\" \/>\n<meta name=\"twitter:creator\" content=\"@comunicacion3s\" \/>\n<meta name=\"twitter:site\" content=\"@comunicacion3s\" \/>\n<meta name=\"twitter:label1\" content=\"Escrito por\" \/>\n\t<meta name=\"twitter:data1\" content=\"John Mikan\" \/>\n\t<meta name=\"twitter:label2\" content=\"Tiempo de lectura\" \/>\n\t<meta name=\"twitter:data2\" content=\"5 minutos\" \/>\n<script type=\"application\/ld+json\" class=\"yoast-schema-graph\">{\"@context\":\"https:\/\/schema.org\",\"@graph\":[{\"@type\":\"Article\",\"@id\":\"https:\/\/hotelnewscolombia.com\/3com\/2023\/10\/31\/barranquilla-esta-de-moda-inmobiliaria-century-21\/#article\",\"isPartOf\":{\"@id\":\"https:\/\/hotelnewscolombia.com\/3com\/2023\/10\/31\/barranquilla-esta-de-moda-inmobiliaria-century-21\/\"},\"author\":{\"name\":\"John Mikan\",\"@id\":\"https:\/\/hotelnewscolombia.com\/3com\/#\/schema\/person\/72e104d682e519fd00b021a03c85137a\"},\"headline\":\"Barranquilla \u00a0est\u00e1 de moda!. Inmobiliaria Century 21\",\"datePublished\":\"2023-10-31T21:02:51+00:00\",\"dateModified\":\"2023-10-31T21:03:57+00:00\",\"mainEntityOfPage\":{\"@id\":\"https:\/\/hotelnewscolombia.com\/3com\/2023\/10\/31\/barranquilla-esta-de-moda-inmobiliaria-century-21\/\"},\"wordCount\":957,\"commentCount\":0,\"publisher\":{\"@id\":\"https:\/\/hotelnewscolombia.com\/3com\/#organization\"},\"keywords\":[\"Barranquilla \u00a0est\u00e1 de moda!. Inmobiliaria Century 21\",\"century 21 en colombia\",\"inmobiliarias en colombia\",\"turismo en colombia\"],\"articleSection\":[\"News room\",\"\u00daltimas noticias\"],\"inLanguage\":\"es\",\"potentialAction\":[{\"@type\":\"CommentAction\",\"name\":\"Comment\",\"target\":[\"https:\/\/hotelnewscolombia.com\/3com\/2023\/10\/31\/barranquilla-esta-de-moda-inmobiliaria-century-21\/#respond\"]}]},{\"@type\":\"WebPage\",\"@id\":\"https:\/\/hotelnewscolombia.com\/3com\/2023\/10\/31\/barranquilla-esta-de-moda-inmobiliaria-century-21\/\",\"url\":\"https:\/\/hotelnewscolombia.com\/3com\/2023\/10\/31\/barranquilla-esta-de-moda-inmobiliaria-century-21\/\",\"name\":\"Barranquilla \u00a0est\u00e1 de moda!. Inmobiliaria Century 21 - Agencia de comunicaci\u00f3n y relaciones p\u00fablicas en Colombia\",\"isPartOf\":{\"@id\":\"https:\/\/hotelnewscolombia.com\/3com\/#website\"},\"datePublished\":\"2023-10-31T21:02:51+00:00\",\"dateModified\":\"2023-10-31T21:03:57+00:00\",\"description\":\"La capital de la costa caribe colombiana destaca por inversi\u00f3n. Barranquilla \u00a0est\u00e1 de moda!. Inmobiliaria Century 21 - 3comunicacionesco\",\"breadcrumb\":{\"@id\":\"https:\/\/hotelnewscolombia.com\/3com\/2023\/10\/31\/barranquilla-esta-de-moda-inmobiliaria-century-21\/#breadcrumb\"},\"inLanguage\":\"es\",\"potentialAction\":[{\"@type\":\"ReadAction\",\"target\":[\"https:\/\/hotelnewscolombia.com\/3com\/2023\/10\/31\/barranquilla-esta-de-moda-inmobiliaria-century-21\/\"]}]},{\"@type\":\"BreadcrumbList\",\"@id\":\"https:\/\/hotelnewscolombia.com\/3com\/2023\/10\/31\/barranquilla-esta-de-moda-inmobiliaria-century-21\/#breadcrumb\",\"itemListElement\":[{\"@type\":\"ListItem\",\"position\":1,\"name\":\"Portada\",\"item\":\"https:\/\/hotelnewscolombia.com\/3com\/\"},{\"@type\":\"ListItem\",\"position\":2,\"name\":\"Barranquilla \u00a0est\u00e1 de moda!. Inmobiliaria Century 21\"}]},{\"@type\":\"WebSite\",\"@id\":\"https:\/\/hotelnewscolombia.com\/3com\/#website\",\"url\":\"https:\/\/hotelnewscolombia.com\/3com\/\",\"name\":\"3comunicaciones - Agencia de relaciones p\u00fablicas Colombia\",\"description\":\"comunicaci\u00f3n, PR, medios, prensa en colombia\",\"publisher\":{\"@id\":\"https:\/\/hotelnewscolombia.com\/3com\/#organization\"},\"potentialAction\":[{\"@type\":\"SearchAction\",\"target\":{\"@type\":\"EntryPoint\",\"urlTemplate\":\"https:\/\/hotelnewscolombia.com\/3com\/?s={search_term_string}\"},\"query-input\":\"required name=search_term_string\"}],\"inLanguage\":\"es\"},{\"@type\":\"Organization\",\"@id\":\"https:\/\/hotelnewscolombia.com\/3com\/#organization\",\"name\":\"3comunicaciones S.A.S.\",\"url\":\"https:\/\/hotelnewscolombia.com\/3com\/\",\"logo\":{\"@type\":\"ImageObject\",\"inLanguage\":\"es\",\"@id\":\"https:\/\/hotelnewscolombia.com\/3com\/#\/schema\/logo\/image\/\",\"url\":\"https:\/\/i0.wp.com\/3comunicaciones.co\/wp-content\/uploads\/2023\/02\/3comunicaciones_agencia_relaciones_publicas_redes_sociales_200.png?fit=200%2C200&ssl=1\",\"contentUrl\":\"https:\/\/i0.wp.com\/3comunicaciones.co\/wp-content\/uploads\/2023\/02\/3comunicaciones_agencia_relaciones_publicas_redes_sociales_200.png?fit=200%2C200&ssl=1\",\"width\":200,\"height\":200,\"caption\":\"3comunicaciones S.A.S.\"},\"image\":{\"@id\":\"https:\/\/hotelnewscolombia.com\/3com\/#\/schema\/logo\/image\/\"},\"sameAs\":[\"https:\/\/www.facebook.com\/3comunicacionesco\",\"https:\/\/twitter.com\/comunicacion3s\",\"https:\/\/www.instagram.com\/3comunicacionesco\/\",\"https:\/\/www.linkedin.com\/company\/3comunicaciones\/\",\"https:\/\/www.youtube.com\/user\/3comunicacionesco\"]},{\"@type\":\"Person\",\"@id\":\"https:\/\/hotelnewscolombia.com\/3com\/#\/schema\/person\/72e104d682e519fd00b021a03c85137a\",\"name\":\"John Mikan\",\"image\":{\"@type\":\"ImageObject\",\"inLanguage\":\"es\",\"@id\":\"https:\/\/hotelnewscolombia.com\/3com\/#\/schema\/person\/image\/\",\"url\":\"https:\/\/secure.gravatar.com\/avatar\/2da674d148724774ce8161f0129ff5d4?s=96&d=mm&r=g\",\"contentUrl\":\"https:\/\/secure.gravatar.com\/avatar\/2da674d148724774ce8161f0129ff5d4?s=96&d=mm&r=g\",\"caption\":\"John Mikan\"},\"sameAs\":[\"https:\/\/hotelnewscolombia.com\/3com\"],\"url\":\"https:\/\/hotelnewscolombia.com\/3com\/author\/johnmikan\/\"}]}<\/script>\n<!-- \/ Yoast SEO plugin. -->","yoast_head_json":{"title":"Barranquilla \u00a0est\u00e1 de moda!. Inmobiliaria Century 21 - Agencia de comunicaci\u00f3n y relaciones p\u00fablicas en Colombia","description":"La capital de la costa caribe colombiana destaca por inversi\u00f3n. Barranquilla \u00a0est\u00e1 de moda!. Inmobiliaria Century 21 - 3comunicacionesco","robots":{"index":"index","follow":"follow","max-snippet":"max-snippet:-1","max-image-preview":"max-image-preview:large","max-video-preview":"max-video-preview:-1"},"canonical":"https:\/\/hotelnewscolombia.com\/3com\/2023\/10\/31\/barranquilla-esta-de-moda-inmobiliaria-century-21\/","og_locale":"es_ES","og_type":"article","og_title":"Barranquilla \u00a0est\u00e1 de moda!. Inmobiliaria Century 21 - Agencia de comunicaci\u00f3n y relaciones p\u00fablicas en Colombia","og_description":"La capital de la costa caribe colombiana destaca por inversi\u00f3n. Barranquilla \u00a0est\u00e1 de moda!. Inmobiliaria Century 21 - 3comunicacionesco","og_url":"https:\/\/hotelnewscolombia.com\/3com\/2023\/10\/31\/barranquilla-esta-de-moda-inmobiliaria-century-21\/","og_site_name":"Agencia de comunicaci\u00f3n y relaciones p\u00fablicas en Colombia","article_publisher":"https:\/\/www.facebook.com\/3comunicacionesco","article_published_time":"2023-10-31T21:02:51+00:00","article_modified_time":"2023-10-31T21:03:57+00:00","og_image":[{"width":500,"height":400,"url":"https:\/\/hotelnewscolombia.com\/3com\/wp-content\/uploads\/2023\/10\/BARRANQUILLA002.jpeg","type":"image\/jpeg"}],"author":"John Mikan","twitter_card":"summary_large_image","twitter_creator":"@comunicacion3s","twitter_site":"@comunicacion3s","twitter_misc":{"Escrito por":"John Mikan","Tiempo de lectura":"5 minutos"},"schema":{"@context":"https:\/\/schema.org","@graph":[{"@type":"Article","@id":"https:\/\/hotelnewscolombia.com\/3com\/2023\/10\/31\/barranquilla-esta-de-moda-inmobiliaria-century-21\/#article","isPartOf":{"@id":"https:\/\/hotelnewscolombia.com\/3com\/2023\/10\/31\/barranquilla-esta-de-moda-inmobiliaria-century-21\/"},"author":{"name":"John Mikan","@id":"https:\/\/hotelnewscolombia.com\/3com\/#\/schema\/person\/72e104d682e519fd00b021a03c85137a"},"headline":"Barranquilla \u00a0est\u00e1 de moda!. Inmobiliaria Century 21","datePublished":"2023-10-31T21:02:51+00:00","dateModified":"2023-10-31T21:03:57+00:00","mainEntityOfPage":{"@id":"https:\/\/hotelnewscolombia.com\/3com\/2023\/10\/31\/barranquilla-esta-de-moda-inmobiliaria-century-21\/"},"wordCount":957,"commentCount":0,"publisher":{"@id":"https:\/\/hotelnewscolombia.com\/3com\/#organization"},"keywords":["Barranquilla \u00a0est\u00e1 de moda!. Inmobiliaria Century 21","century 21 en colombia","inmobiliarias en colombia","turismo en colombia"],"articleSection":["News room","\u00daltimas noticias"],"inLanguage":"es","potentialAction":[{"@type":"CommentAction","name":"Comment","target":["https:\/\/hotelnewscolombia.com\/3com\/2023\/10\/31\/barranquilla-esta-de-moda-inmobiliaria-century-21\/#respond"]}]},{"@type":"WebPage","@id":"https:\/\/hotelnewscolombia.com\/3com\/2023\/10\/31\/barranquilla-esta-de-moda-inmobiliaria-century-21\/","url":"https:\/\/hotelnewscolombia.com\/3com\/2023\/10\/31\/barranquilla-esta-de-moda-inmobiliaria-century-21\/","name":"Barranquilla \u00a0est\u00e1 de moda!. Inmobiliaria Century 21 - Agencia de comunicaci\u00f3n y relaciones p\u00fablicas en Colombia","isPartOf":{"@id":"https:\/\/hotelnewscolombia.com\/3com\/#website"},"datePublished":"2023-10-31T21:02:51+00:00","dateModified":"2023-10-31T21:03:57+00:00","description":"La capital de la costa caribe colombiana destaca por inversi\u00f3n. Barranquilla \u00a0est\u00e1 de moda!. Inmobiliaria Century 21 - 3comunicacionesco","breadcrumb":{"@id":"https:\/\/hotelnewscolombia.com\/3com\/2023\/10\/31\/barranquilla-esta-de-moda-inmobiliaria-century-21\/#breadcrumb"},"inLanguage":"es","potentialAction":[{"@type":"ReadAction","target":["https:\/\/hotelnewscolombia.com\/3com\/2023\/10\/31\/barranquilla-esta-de-moda-inmobiliaria-century-21\/"]}]},{"@type":"BreadcrumbList","@id":"https:\/\/hotelnewscolombia.com\/3com\/2023\/10\/31\/barranquilla-esta-de-moda-inmobiliaria-century-21\/#breadcrumb","itemListElement":[{"@type":"ListItem","position":1,"name":"Portada","item":"https:\/\/hotelnewscolombia.com\/3com\/"},{"@type":"ListItem","position":2,"name":"Barranquilla \u00a0est\u00e1 de moda!. Inmobiliaria Century 21"}]},{"@type":"WebSite","@id":"https:\/\/hotelnewscolombia.com\/3com\/#website","url":"https:\/\/hotelnewscolombia.com\/3com\/","name":"3comunicaciones - Agencia de relaciones p\u00fablicas Colombia","description":"comunicaci\u00f3n, PR, medios, prensa en colombia","publisher":{"@id":"https:\/\/hotelnewscolombia.com\/3com\/#organization"},"potentialAction":[{"@type":"SearchAction","target":{"@type":"EntryPoint","urlTemplate":"https:\/\/hotelnewscolombia.com\/3com\/?s={search_term_string}"},"query-input":"required name=search_term_string"}],"inLanguage":"es"},{"@type":"Organization","@id":"https:\/\/hotelnewscolombia.com\/3com\/#organization","name":"3comunicaciones S.A.S.","url":"https:\/\/hotelnewscolombia.com\/3com\/","logo":{"@type":"ImageObject","inLanguage":"es","@id":"https:\/\/hotelnewscolombia.com\/3com\/#\/schema\/logo\/image\/","url":"https:\/\/i0.wp.com\/3comunicaciones.co\/wp-content\/uploads\/2023\/02\/3comunicaciones_agencia_relaciones_publicas_redes_sociales_200.png?fit=200%2C200&ssl=1","contentUrl":"https:\/\/i0.wp.com\/3comunicaciones.co\/wp-content\/uploads\/2023\/02\/3comunicaciones_agencia_relaciones_publicas_redes_sociales_200.png?fit=200%2C200&ssl=1","width":200,"height":200,"caption":"3comunicaciones S.A.S."},"image":{"@id":"https:\/\/hotelnewscolombia.com\/3com\/#\/schema\/logo\/image\/"},"sameAs":["https:\/\/www.facebook.com\/3comunicacionesco","https:\/\/twitter.com\/comunicacion3s","https:\/\/www.instagram.com\/3comunicacionesco\/","https:\/\/www.linkedin.com\/company\/3comunicaciones\/","https:\/\/www.youtube.com\/user\/3comunicacionesco"]},{"@type":"Person","@id":"https:\/\/hotelnewscolombia.com\/3com\/#\/schema\/person\/72e104d682e519fd00b021a03c85137a","name":"John Mikan","image":{"@type":"ImageObject","inLanguage":"es","@id":"https:\/\/hotelnewscolombia.com\/3com\/#\/schema\/person\/image\/","url":"https:\/\/secure.gravatar.com\/avatar\/2da674d148724774ce8161f0129ff5d4?s=96&d=mm&r=g","contentUrl":"https:\/\/secure.gravatar.com\/avatar\/2da674d148724774ce8161f0129ff5d4?s=96&d=mm&r=g","caption":"John Mikan"},"sameAs":["https:\/\/hotelnewscolombia.com\/3com"],"url":"https:\/\/hotelnewscolombia.com\/3com\/author\/johnmikan\/"}]}},"_links":{"self":[{"href":"https:\/\/hotelnewscolombia.com\/3com\/wp-json\/wp\/v2\/posts\/2603"}],"collection":[{"href":"https:\/\/hotelnewscolombia.com\/3com\/wp-json\/wp\/v2\/posts"}],"about":[{"href":"https:\/\/hotelnewscolombia.com\/3com\/wp-json\/wp\/v2\/types\/post"}],"author":[{"embeddable":true,"href":"https:\/\/hotelnewscolombia.com\/3com\/wp-json\/wp\/v2\/users\/3"}],"replies":[{"embeddable":true,"href":"https:\/\/hotelnewscolombia.com\/3com\/wp-json\/wp\/v2\/comments?post=2603"}],"version-history":[{"count":2,"href":"https:\/\/hotelnewscolombia.com\/3com\/wp-json\/wp\/v2\/posts\/2603\/revisions"}],"predecessor-version":[{"id":2612,"href":"https:\/\/hotelnewscolombia.com\/3com\/wp-json\/wp\/v2\/posts\/2603\/revisions\/2612"}],"wp:featuredmedia":[{"embeddable":true,"href":"https:\/\/hotelnewscolombia.com\/3com\/wp-json\/wp\/v2\/media\/2609"}],"wp:attachment":[{"href":"https:\/\/hotelnewscolombia.com\/3com\/wp-json\/wp\/v2\/media?parent=2603"}],"wp:term":[{"taxonomy":"category","embeddable":true,"href":"https:\/\/hotelnewscolombia.com\/3com\/wp-json\/wp\/v2\/categories?post=2603"},{"taxonomy":"post_tag","embeddable":true,"href":"https:\/\/hotelnewscolombia.com\/3com\/wp-json\/wp\/v2\/tags?post=2603"}],"curies":[{"name":"wp","href":"https:\/\/api.w.org\/{rel}","templated":true}]}}